{"id":826,"date":"2026-01-19T22:21:43","date_gmt":"2026-01-20T04:21:43","guid":{"rendered":"https:\/\/hotelraicesataco.com\/?p=826"},"modified":"2026-01-20T09:34:38","modified_gmt":"2026-01-20T15:34:38","slug":"volcan-de-santa-ana-ilamatepec-y-cerro-verde-una-aventura-imperdible-en-el-occidente-de-el-salvador","status":"publish","type":"post","link":"https:\/\/hotelraicesataco.com\/en\/volcan-de-santa-ana-ilamatepec-y-cerro-verde-una-aventura-imperdible-en-el-occidente-de-el-salvador\/","title":{"rendered":"Volc\u00e1n de Santa Ana (Ilamatepec) y Cerro Verde: una aventura imperdible en el occidente de El Salvador"},"content":{"rendered":"<figure class=\"wp-block-image size-large\"><img fetchpriority=\"high\" decoding=\"async\" width=\"768\" height=\"1024\" src=\"https:\/\/hotelraicesataco.com\/wp-content\/uploads\/2026\/01\/pexels-photo-12848922-12848922-768x1024.jpg\" alt=\"Stunning view of a mountain peak surrounded by lush forest under a clear blue sky.\" class=\"wp-image-832\" srcset=\"https:\/\/hotelraicesataco.com\/wp-content\/uploads\/2026\/01\/pexels-photo-12848922-12848922-768x1024.jpg 768w, https:\/\/hotelraicesataco.com\/wp-content\/uploads\/2026\/01\/pexels-photo-12848922-12848922-225x300.jpg 225w, https:\/\/hotelraicesataco.com\/wp-content\/uploads\/2026\/01\/pexels-photo-12848922-12848922-1152x1536.jpg 1152w, https:\/\/hotelraicesataco.com\/wp-content\/uploads\/2026\/01\/pexels-photo-12848922-12848922-1536x2048.jpg 1536w, https:\/\/hotelraicesataco.com\/wp-content\/uploads\/2026\/01\/pexels-photo-12848922-12848922-600x800.jpg 600w, https:\/\/hotelraicesataco.com\/wp-content\/uploads\/2026\/01\/pexels-photo-12848922-12848922-scaled.jpg 1920w\" sizes=\"(max-width: 768px) 100vw, 768px\" \/><\/figure>\n\n\n\n<p class=\"wp-block-paragraph\">El occidente de El Salvador ofrece algunas de las experiencias naturales m\u00e1s impresionantes del pa\u00eds, y una de las m\u00e1s populares es la caminata al <strong>Volc\u00e1n de Santa Ana<\/strong>, tambi\u00e9n conocido como <strong>Ilamatepec<\/strong>, partiendo desde el <strong>Cerro Verde<\/strong>. Este recorrido combina aventura, paisajes volc\u00e1nicos y vistas \u00fanicas del lago de Coatepeque.<\/p>\n\n\n\n<h3 class=\"wp-block-heading\"><strong>Volc\u00e1n de Santa Ana (Ilamatepec)<\/strong><\/h3>\n\n\n\n<p class=\"wp-block-paragraph\">El <a href=\"https:\/\/elsalvador.travel\/destination\/santa-ana-volcano-ilamatepec\/\" title=\"\"><strong>Volc\u00e1n de Santa Ana<\/strong><\/a> es el volc\u00e1n m\u00e1s alto de El Salvador y uno de los destinos favoritos para quienes buscan senderismo y turismo de naturaleza. En la cima te espera una impresionante laguna de color verde turquesa, resultado de la actividad volc\u00e1nica.<\/p>\n\n\n\n<p class=\"wp-block-paragraph\">La caminata es de dificultad <strong>moderada<\/strong>, ideal para personas con condici\u00f3n f\u00edsica b\u00e1sica y ganas de explorar.<\/p>\n\n\n\n<h3 class=\"wp-block-heading\"><strong>Parque Nacional Cerro Verde<\/strong><\/h3>\n\n\n\n<p class=\"wp-block-paragraph\">Las caminatas al volc\u00e1n <strong>salen exclusivamente en tour guiado<\/strong> desde el <a href=\"https:\/\/elsalvador.travel\/destination\/cerro-verde\/\" title=\"\"><strong>Parque Nacional Cerro Verde<\/strong><\/a>, ya que es un \u00e1rea natural protegida. Desde aqu\u00ed tambi\u00e9n se realizan recorridos al Volc\u00e1n de Izalco y senderos interpretativos.<\/p>\n\n\n\n<p class=\"wp-block-paragraph\">El parque abre <strong>todos los d\u00edas de 8:00 a.m. a 8:00 p.m.<\/strong> y es el punto oficial de salida para las caminatas.<\/p>\n\n\n\n<hr class=\"wp-block-separator has-alpha-channel-opacity\"\/>\n\n\n\n<h2 class=\"wp-block-heading\"><strong>Horarios clave de caminatas desde el Cerro Verde<\/strong><\/h2>\n\n\n\n<p class=\"wp-block-paragraph\">Las caminatas tienen <strong>horarios establecidos y cupos limitados<\/strong>, por lo que se recomienda llegar temprano:<\/p>\n\n\n\n<ul class=\"wp-block-list\">\n<li><strong>Volc\u00e1n de Santa Ana (Ilamatepec):<\/strong> 8:30 a.m.<\/li>\n\n\n\n<li><strong>Volc\u00e1n de Izalco:<\/strong> 10:30 a.m.<\/li>\n<\/ul>\n\n\n\n<p class=\"wp-block-paragraph\">Adem\u00e1s, algunas agencias ofrecen <strong>tours de atardecer<\/strong>, que normalmente salen:<\/p>\n\n\n\n<ul class=\"wp-block-list\">\n<li><strong>1:00 p.m. o 2:00 p.m.<\/strong>, generalmente con transporte desde San Salvador.<\/li>\n<\/ul>\n\n\n\n<hr class=\"wp-block-separator has-alpha-channel-opacity\"\/>\n\n\n\n<h2 class=\"wp-block-heading\"><strong>Tours al Cerro Verde: qu\u00e9 debes saber<\/strong><\/h2>\n\n\n\n<p class=\"wp-block-paragraph\">Los tours al Cerro Verde var\u00edan seg\u00fan la agencia y el tipo de experiencia (ma\u00f1ana, amanecer o atardecer).<\/p>\n\n\n\n<p class=\"wp-block-paragraph\"><strong>Costos aproximados:<\/strong><\/p>\n\n\n\n<ul class=\"wp-block-list\">\n<li>Desde <strong>$15 USD por persona<\/strong> para tours b\u00e1sicos<\/li>\n\n\n\n<li>El precio puede aumentar si incluye transporte, gu\u00eda privado o paquetes especiales<\/li>\n\n\n\n<li><strong>Entrada al parque:<\/strong>\n<ul class=\"wp-block-list\">\n<li>Nacionales: aprox. $1.50<\/li>\n\n\n\n<li>Extranjeros: aprox. $3.00<\/li>\n<\/ul>\n<\/li>\n<\/ul>\n\n\n\n<hr class=\"wp-block-separator has-alpha-channel-opacity\"\/>\n\n\n\n<h2 class=\"wp-block-heading\"><strong>Consejos importantes antes de subir al volc\u00e1n<\/strong><\/h2>\n\n\n\n<p class=\"wp-block-paragraph\">Para disfrutar la experiencia sin contratiempos, toma en cuenta lo siguiente:<\/p>\n\n\n\n<ul class=\"wp-block-list\">\n<li>Lleva <strong>suficiente agua<\/strong><\/li>\n\n\n\n<li>Usa <strong>ropa c\u00f3moda<\/strong><\/li>\n\n\n\n<li>Zapatos adecuados para caminata (no sandalias)<\/li>\n\n\n\n<li>Ropa para <strong>fr\u00edo y calor<\/strong> (el clima cambia r\u00e1pidamente)<\/li>\n\n\n\n<li>Dinero en efectivo<\/li>\n\n\n\n<li>Protector solar y gorra<\/li>\n<\/ul>\n\n\n\n<p class=\"wp-block-paragraph\">\u26a0\ufe0f <strong>Importante:<\/strong><\/p>\n\n\n\n<p class=\"wp-block-paragraph\">Si hay <strong>vientos fuertes o condiciones clim\u00e1ticas adversas<\/strong>, los tours a la cima del volc\u00e1n pueden ser <strong>cancelados por seguridad<\/strong>. Se recomienda verificar el estado del clima y avisos oficiales en redes sociales del <a href=\"https:\/\/www.ambiente.gob.sv\/\" title=\"\"><strong>Ministerio de Medio Ambiente<\/strong><\/a> antes de tu visita.<\/p>\n\n\n\n<hr class=\"wp-block-separator has-alpha-channel-opacity\"\/>\n\n\n\n<h2 class=\"wp-block-heading\"><strong>\u00bfD\u00f3nde hospedarte para visitar Cerro Verde y el Volc\u00e1n de Santa Ana?<\/strong><\/h2>\n\n\n\n<p class=\"wp-block-paragraph\">Si planeas explorar el Cerro Verde y el Volc\u00e1n de Santa Ana, una excelente opci\u00f3n es hospedarte en <strong>Hotel Ra\u00edces Ataco<\/strong>.<\/p>\n\n\n\n<p class=\"wp-block-paragraph\">Nuestro hotel ofrece:<\/p>\n\n\n\n<ul class=\"wp-block-list\">\n<li>Hospedaje <strong>accesible y econ\u00f3mico<\/strong><\/li>\n\n\n\n<li>Ubicaci\u00f3n estrat\u00e9gica en Ataco<\/li>\n\n\n\n<li>F\u00e1cil acceso a Cerro Verde y volcanes del occidente<\/li>\n\n\n\n<li>Ambiente tranquilo ideal para descansar despu\u00e9s de la caminata<\/li>\n<\/ul>\n\n\n\n<p class=\"wp-block-paragraph\">\ud83d\ude97 <strong><strong>A tan solo 1 hora del Parque Nacional Cerro Verde, perfecto para planear tu caminata al Volc\u00e1n de Santa Ana y recorrer el occidente del pa\u00eds.<\/strong><\/strong><\/p>\n\n\n\n<p class=\"wp-block-paragraph\">\ud83d\udc49 <strong><a href=\"https:\/\/hotelraicesataco.com\/en\/\" title=\"\">Reserva<\/a> en Hotel Ra\u00edces Ataco y vive la experiencia volc\u00e1nica del occidente salvadore\u00f1o con comodidad y buena ubicaci\u00f3n.<\/strong><\/p>\n\n\n<div class=\"mphb_sc_search-wrapper is-style-horizontal-form\">\n<form method=\"GET\" class=\"mphb_sc_search-form\" action=\"https:\/\/hotelraicesataco.com\/en\/resultados-de-busqueda\/\" data-first_available_check_in_date=\"2026-09-02\" data-trp-original-action=\"https:\/\/hotelraicesataco.com\/en\/resultados-de-busqueda\/\">\n\n\t<p class = \"mphb-required-fields-tip\">\n\t<small>\n\t\tRequired fields are followed by\t\t<abbr title=\"required\">*<\/abbr>\n\t<\/small>\n<\/p>\n\n\t<p class=\"mphb_sc_search-check-in-date\">\n\t\t<label for=\"mphb_check_in_date-mphb-search-form-6a980455258ad\">\n\t\t\tCheck-in\t\t\t<abbr title=\"Formatted as dd\/mm\/yyyy\">*<\/abbr>\n\t\t<\/label>\n\t\t<br \/>\n\t\t<input\n\t\t\tid=\"mphb_check_in_date-mphb-search-form-6a980455258ad\"\n\t\t\tdata-datepick-group=\"mphb-search-form-6a980455258ad\"\n\t\t\tvalue=\"\"\n\t\t\tplaceholder=\"Check-in Date\"\n\t\t\trequired=\"required\"\n\t\t\ttype=\"text\"\n\t\t\tinputmode=\"none\"\n\t\t\tname=\"mphb_check_in_date\"\n\t\t\tclass=\"mphb-datepick\"\n\t\t\tautocomplete=\"off\"\n\t\t\t\/>\n\t<\/p>\n\n\t<p class=\"mphb_sc_search-check-out-date\">\n\t\t<label for=\"mphb_check_out_date-mphb-search-form-6a980455258ad\">\n\t\t\tCheck-out\t\t\t<abbr title=\"Formatted as dd\/mm\/yyyy\">*<\/abbr>\n\t\t<\/label>\n\t\t<br \/>\n\t\t<input\n\t\t\tid=\"mphb_check_out_date-mphb-search-form-6a980455258ad\"\n\t\t\tdata-datepick-group=\"mphb-search-form-6a980455258ad\"\n\t\t\tvalue=\"\"\n\t\t\tplaceholder=\"Check-out Date\"\n\t\t\trequired=\"required\"\n\t\t\ttype=\"text\"\n\t\t\tinputmode=\"none\"\n\t\t\tname=\"mphb_check_out_date\"\n\t\t\tclass=\"mphb-datepick\"\n\t\t\tautocomplete=\"off\"\n\t\t\t\/>\n\t<\/p>\n\n\t\t\t<input type=\"hidden\" id=\"mphb_adults-mphb-search-form-6a980455258ad\" name=\"mphb_adults\" value=\"1\" \/>\n\t\n\t\t\t<input type=\"hidden\" id=\"mphb_children-mphb-search-form-6a980455258ad\" name=\"mphb_children\" value=\"0\" \/>\n\t\n\t\n\t\n\t<input id=\"mphb_check_in_date-mphb-search-form-6a980455258ad-hidden\" value=\"\" type=\"hidden\" name=\"mphb_check_in_date\" \/><input id=\"mphb_check_out_date-mphb-search-form-6a980455258ad-hidden\" value=\"\" type=\"hidden\" name=\"mphb_check_out_date\" \/>\n\t<p class=\"mphb_sc_search-submit-button-wrapper\">\n\t\t<input type=\"submit\" class=\"button\" value=\"Search\"\/>\n\t<\/p>\n\n\t\n<input type=\"hidden\" name=\"trp-form-language\" value=\"en\"\/><\/form>\n<\/div>","protected":false},"excerpt":{"rendered":"<p>El occidente de El Salvador ofrece algunas de las experiencias naturales m\u00e1s impresionantes del pa\u00eds, y una de las m\u00e1s [&hellip;]<\/p>\n","protected":false},"author":3,"featured_media":0,"comment_status":"open","ping_status":"open","sticky":false,"template":"","format":"standard","meta":{"_monsterinsights_skip_tracking":false,"site-sidebar-layout":"default","site-content-layout":"","ast-site-content-layout":"default","site-content-style":"default","site-sidebar-style":"default","ast-global-header-display":"","ast-banner-title-visibility":"","ast-main-header-display":"","ast-hfb-above-header-display":"","ast-hfb-below-header-display":"","ast-hfb-mobile-header-display":"","site-post-title":"","ast-breadcrumbs-content":"","ast-featured-img":"","footer-sml-layout":"","ast-disable-related-posts":"","theme-transparent-header-meta":"","adv-header-id-meta":"","stick-header-meta":"","header-above-stick-meta":"","header-main-stick-meta":"","header-below-stick-meta":"","astra-migrate-meta-layouts":"default","ast-page-background-enabled":"default","ast-page-background-meta":{"desktop":{"background-color":"var(--ast-global-color-5)","background-image":"","background-repeat":"repeat","background-position":"center center","background-size":"auto","background-attachment":"scroll","background-type":"","background-media":"","overlay-type":"","overlay-color":"","overlay-opacity":"","overlay-gradient":""},"tablet":{"background-color":"","background-image":"","background-repeat":"repeat","background-position":"center center","background-size":"auto","background-attachment":"scroll","background-type":"","background-media":"","overlay-type":"","overlay-color":"","overlay-opacity":"","overlay-gradient":""},"mobile":{"background-color":"","background-image":"","background-repeat":"repeat","background-position":"center center","background-size":"auto","background-attachment":"scroll","background-type":"","background-media":"","overlay-type":"","overlay-color":"","overlay-opacity":"","overlay-gradient":""}},"ast-content-background-meta":{"desktop":{"background-color":"var(--ast-global-color-4)","background-image":"","background-repeat":"repeat","background-position":"center center","background-size":"auto","background-attachment":"scroll","background-type":"","background-media":"","overlay-type":"","overlay-color":"","overlay-opacity":"","overlay-gradient":""},"tablet":{"background-color":"var(--ast-global-color-4)","background-image":"","background-repeat":"repeat","background-position":"center center","background-size":"auto","background-attachment":"scroll","background-type":"","background-media":"","overlay-type":"","overlay-color":"","overlay-opacity":"","overlay-gradient":""},"mobile":{"background-color":"var(--ast-global-color-4)","background-image":"","background-repeat":"repeat","background-position":"center center","background-size":"auto","background-attachment":"scroll","background-type":"","background-media":"","overlay-type":"","overlay-color":"","overlay-opacity":"","overlay-gradient":""}},"_joinchat":[],"footnotes":""},"categories":[41],"tags":[],"class_list":["post-826","post","type-post","status-publish","format-standard","hentry","category-experiencias-cerca-de-ataco"],"aioseo_notices":[],"_links":{"self":[{"href":"https:\/\/hotelraicesataco.com\/en\/wp-json\/wp\/v2\/posts\/826","targetHints":{"allow":["GET"]}}],"collection":[{"href":"https:\/\/hotelraicesataco.com\/en\/wp-json\/wp\/v2\/posts"}],"about":[{"href":"https:\/\/hotelraicesataco.com\/en\/wp-json\/wp\/v2\/types\/post"}],"author":[{"embeddable":true,"href":"https:\/\/hotelraicesataco.com\/en\/wp-json\/wp\/v2\/users\/3"}],"replies":[{"embeddable":true,"href":"https:\/\/hotelraicesataco.com\/en\/wp-json\/wp\/v2\/comments?post=826"}],"version-history":[{"count":2,"href":"https:\/\/hotelraicesataco.com\/en\/wp-json\/wp\/v2\/posts\/826\/revisions"}],"predecessor-version":[{"id":833,"href":"https:\/\/hotelraicesataco.com\/en\/wp-json\/wp\/v2\/posts\/826\/revisions\/833"}],"wp:attachment":[{"href":"https:\/\/hotelraicesataco.com\/en\/wp-json\/wp\/v2\/media?parent=826"}],"wp:term":[{"taxonomy":"category","embeddable":true,"href":"https:\/\/hotelraicesataco.com\/en\/wp-json\/wp\/v2\/categories?post=826"},{"taxonomy":"post_tag","embeddable":true,"href":"https:\/\/hotelraicesataco.com\/en\/wp-json\/wp\/v2\/tags?post=826"}],"curies":[{"name":"wp","href":"https:\/\/api.w.org\/{rel}","templated":true}]}}